{"id":4821,"date":"2023-03-06T02:02:05","date_gmt":"2023-03-06T00:02:05","guid":{"rendered":"https:\/\/luontoemo.fi\/?p=4821"},"modified":"2023-03-06T02:59:00","modified_gmt":"2023-03-06T00:59:00","slug":"luontoemo-ritvan-elamantyo","status":"publish","type":"post","link":"https:\/\/luontoemo.fi\/en\/luontoemo-ritvan-elamantyo\/","title":{"rendered":"Luontoemo, Ritvan el\u00e4m\u00e4nty\u00f6"},"content":{"rendered":"<h6>30 vuotta sitten, 6.3.1993, vietettiin Luontoemon avajaisia. \u00c4iti oli 48-vuotias, samanik\u00e4inen kuin min\u00e4 nyt. H\u00e4n ehti l\u00e4hes 29 vuoden ajan huolehtia sysm\u00e4l\u00e4isten terveydest\u00e4 ja hyvinvoinnista.<\/h6>\n<p>Ritva varttui Asikkalassa, Kalkkisissa, ja muutti Sysm\u00e4\u00e4n, Lahdenpohjaan, nuorena alle kaksikymppisen\u00e4, sai lapset nuorena ja teki yhden el\u00e4m\u00e4nty\u00f6n karjatilalla. Siin\u00e4 ohessa h\u00e4n oli aktiivinen hahmo yhteis\u00f6ss\u00e4, hoiti useita eri luottamusteht\u00e4vi\u00e4 ja erityisesti perhett\u00e4\u00e4n suurella lempeydell\u00e4 ja rakkaudella.<\/p>\n<p>Ty\u00f6h\u00f6n liittyv\u00e4n unelmansa h\u00e4n toteutti vuonna 1993 perustaessaan Luontoemon, luontaistuotealan ja Frantsilassa k\u00e4ytyjen opintojen j\u00e4lkeen. H\u00e4n ehti tehd\u00e4 toisen yht\u00e4 pitk\u00e4n uran luontaistuotekauppiaana, alansa ja luonnollisen terveyden edell\u00e4k\u00e4vij\u00e4. Moni hyvinvointiin liittyv\u00e4 aihe, joita h\u00e4n toi esille jo 30 vuotta sitten, on alkanut viime vuosina nousta yleisemp\u00e4\u00e4n tietouteen ja hyv\u00e4ksynt\u00e4\u00e4n.<\/p>\n<blockquote><p><span style=\"color: #808000;\"><i><span style=\"font-weight: 400;\">T\u00e4n\u00e4\u00e4n 28 vuotta avajaisista, lauantaip\u00e4iv\u00e4\u2026 niin j\u00e4nnitt\u00e4v\u00e4 ja kiireinen. Koko perhe mukana tekem\u00e4ss\u00e4 kaikkea. Vanhan Kertun tiloissa Tarjan kirjojen takana, meid\u00e4n miehet (Tauno ja Jukka) rakenteli keitti\u00f6n, myym\u00e4l\u00e4n ja hyllyt. Niit\u00e4 sitten t\u00e4yttelin. Hankintatukusta Olli katseli alkuvaraston ja ei kun myym\u00e4\u00e4n. Suuri kiitos kaikille asiakkaille nykyisille, mukana kulkeneille ja &#8220;pilven p\u00e4\u00e4lle&#8221;.<\/span><\/i><\/span><\/p>\n<p style=\"text-align: right;\"><span style=\"font-weight: 400;\">Luontoemon Facebook-muisto 6.3.2021<\/span><\/p>\n<\/blockquote>\n<p>Ritva eli t\u00e4ysipainoisen ja rikkaan el\u00e4m\u00e4n, vaikka h\u00e4n koki useita raskaita tapahtumia ja vastoink\u00e4ymisi\u00e4. H\u00e4nen el\u00e4m\u00e4nfilosofiansa ja -asenteensa, yst\u00e4v\u00e4t ja perhe pitiv\u00e4t h\u00e4net kiinni el\u00e4m\u00e4ss\u00e4 ja auttoivat jaksamaan. H\u00e4nt\u00e4 pidettiin iloisena ja huumorintajuisena, viisaana, l\u00e4mpim\u00e4n\u00e4 ja hyv\u00e4n\u00e4 ihmisen\u00e4.<\/p>\n<p>\u00c4itin oppeja olivat anteeksiantamisen t\u00e4rkeys ja ehdoton tasapuolisuus ja tasa-arvoisuus. Omalla olemuksellaan h\u00e4n toi esiin pyyteett\u00f6myytt\u00e4 ja kiltteytt\u00e4. Luontoemon kahvip\u00f6yd\u00e4ss\u00e4 moni sai purkaa mielt\u00e4\u00e4n ja vaihtaa ajatuksia. Ritvan lempilausahduksiin kuuluivat muun muassa \u201cse mik\u00e4 ei tapa, vahvistaa\u201d ja \u201casioilla on tapana j\u00e4rjesty\u00e4\u201d.<\/p>\n<blockquote><p><span style=\"color: #808000;\">\u201cSanomatta kiitos vuosien yst\u00e4vyydest\u00e4 ja lempeist\u00e4 sanoista, k\u00e4rsiv\u00e4llisyydest\u00e4 ja ihan vain siit\u00e4, ett\u00e4 olit aina oma iloinen itsesi. Aina paikallasi.<\/span><br \/>\n<span style=\"color: #808000;\">Niin monesti mietin miten jaksoit olla korvana minulle ja muille kaltaisilleni, jotka tulla tupsahti ovestasi sis\u00e4\u00e4n ja pui p\u00e4hkin\u00f6it\u00e4\u00e4n p\u00f6yt\u00e4si \u00e4\u00e4ress\u00e4. Ihmetteli elon hulluutta ja nauroi maailmalle, joka oli milloin minnekin p\u00e4in kallellaan.\u201d<\/span><\/p><\/blockquote>\n<p style=\"padding-left: 80px; text-align: right;\"><a href=\"https:\/\/tulvivaanmieleen.blogspot.com\/2022\/01\/puisen-poydan-ymparilla.html?spref=fb&amp;m=1\">https:\/\/tulvivaanmieleen.blogspot.com\/2022\/01\/puisen-poydan-ymparilla.html?spref=fb&amp;m=1<\/a><\/p>\n<blockquote><p><span style=\"color: #808000;\">\u201cOlen iloinen, ett\u00e4 sain tuntea \u00e4itisi &#8211; aidon ihanan syd\u00e4mellisen ainutlaatuisen ihmisen.\u201d<\/span><\/p><\/blockquote>\n<blockquote><p><span style=\"color: #808000;\">\u201cRitva on luonut hienon el\u00e4m\u00e4nty\u00f6n ja antanut niin monille iloa, valoa ja toivoa, ett\u00e4 h\u00e4n tulee el\u00e4m\u00e4\u00e4n aina monien mieless\u00e4. Ritva oli harvinainen luonnonvoima, monipuolinen luonnontuntija tuomatta koskaan osaamistaan tai itse\u00e4\u00e4n esiin, vaatimaton, vankka, muut itsens\u00e4 edelle laittava luontoemo. H\u00e4n oli aina valmis kuuntelemaan muiden huolia, peitt\u00e4en omat huolensa muiden auttamiseen.\u201d<\/span><\/p><\/blockquote>\n<div id=\"attachment_4822\" style=\"width: 946px\" class=\"wp-caption alignnone\"><a href=\"https:\/\/www.itahame.fi\/paikalliset\/4142245\"><img loading=\"lazy\" decoding=\"async\" aria-describedby=\"caption-attachment-4822\" class=\"size-full wp-image-4822\" src=\"https:\/\/luontoemo.fi\/wp-content\/uploads\/2023\/03\/Ita-Hame-17.5.2021-Ritva-Salminen-on-Sysman-luontaistuotteiden-aiti.png\" alt=\"\" width=\"936\" height=\"750\" srcset=\"https:\/\/luontoemo.fi\/wp-content\/uploads\/2023\/03\/Ita-Hame-17.5.2021-Ritva-Salminen-on-Sysman-luontaistuotteiden-aiti.png 936w, https:\/\/luontoemo.fi\/wp-content\/uploads\/2023\/03\/Ita-Hame-17.5.2021-Ritva-Salminen-on-Sysman-luontaistuotteiden-aiti-480x385.png 480w\" sizes=\"(min-width: 0px) and (max-width: 480px) 480px, (min-width: 481px) 936px, 100vw\" \/><\/a><p id=\"caption-attachment-4822\" class=\"wp-caption-text\">It\u00e4-H\u00e4me 17.5.2021. Ritva ehti saada tunnustusta el\u00e4m\u00e4nty\u00f6st\u00e4\u00e4n paikallisten lehtijuttujen my\u00f6t\u00e4.<\/p><\/div>\n<p>Kiitos rakas \u00e4iti, kaikesta. Olen kiitollinen, ett\u00e4 sain el\u00e4\u00e4 rinnallasi. Jaoimme hyvin samanlaiset arvot ja el\u00e4m\u00e4nfilosofian. Opin sinulta paljon. Olen kiitollinen, ett\u00e4 saan jatkaa el\u00e4m\u00e4nty\u00f6t\u00e4si, joka kantaa antamaasi nime\u00e4.<\/p>\n<p>Luontoemo on my\u00f6s esimerkki unelmien toteuttamisesta, oman polun seuraamista ja yhteisen hyv\u00e4n tekemisest\u00e4 sit\u00e4 kautta.<\/p>\n<p>L\u00e4hdit liian pian ja yll\u00e4tt\u00e4en, niin kuin hyvin erityiset ihmiset joskus tekev\u00e4t. Sinulla oli varmasti jo toinen t\u00e4rke\u00e4 teht\u00e4v\u00e4 odottamassa.<\/p>\n<p>Kiitos my\u00f6s viel\u00e4 teille kaikille, jotka olitte l\u00e4sn\u00e4 Ritvan el\u00e4m\u00e4ss\u00e4.<\/p>\n<div style=\"width: 2570px\" class=\"wp-caption alignnone\"><img loading=\"lazy\" decoding=\"async\" src=\"https:\/\/luontoemo.fi\/wp-content\/uploads\/2023\/03\/luontoemo-ritva-metsa-2021-scaled.jpg\" alt=\"\" width=\"2560\" height=\"1707\" \/><p class=\"wp-caption-text\">Ritva lempielementiss\u00e4\u00e4n, mets\u00e4ss\u00e4, k\u00e4dess\u00e4 mustikoita. H\u00e4n rakasti kallioita ja ker\u00e4ili enkelifiguureja. Kuva: Silvi Kaarakainen<\/p><\/div>\n","protected":false},"excerpt":{"rendered":"<p>30 vuotta sitten, 6.3.1993, vietettiin Luontoemon avajaisia. \u00c4iti oli 48-vuotias, samanik\u00e4inen kuin min\u00e4 nyt. H\u00e4n ehti l\u00e4hes 29 vuoden ajan huolehtia sysm\u00e4l\u00e4isten terveydest\u00e4 ja hyvinvoinnista. Ritva varttui Asikkalassa, Kalkkisissa, ja muutti Sysm\u00e4\u00e4n, Lahdenpohjaan, nuorena alle kaksikymppisen\u00e4, sai lapset nuorena ja teki yhden el\u00e4m\u00e4nty\u00f6n karjatilalla. Siin\u00e4 ohessa h\u00e4n oli aktiivinen hahmo yhteis\u00f6ss\u00e4, hoiti useita eri luottamusteht\u00e4vi\u00e4 [&hellip;]<\/p>\n","protected":false},"author":7,"featured_media":4854,"comment_status":"open","ping_status":"closed","sticky":false,"template":"","format":"standard","meta":{"_et_pb_use_builder":"off","_et_pb_old_content":"","_et_gb_content_width":"","footnotes":""},"categories":[513,414,259],"tags":[514,516,515],"dipi_cpt_category":[],"class_list":["post-4821","post","type-post","status-publish","format-standard","has-post-thumbnail","hentry","category-elama","category-paikallinen","category-yleinen","tag-luontoemo","tag-muistokirjoitus","tag-ritva"],"_links":{"self":[{"href":"https:\/\/luontoemo.fi\/en\/wp-json\/wp\/v2\/posts\/4821","targetHints":{"allow":["GET"]}}],"collection":[{"href":"https:\/\/luontoemo.fi\/en\/wp-json\/wp\/v2\/posts"}],"about":[{"href":"https:\/\/luontoemo.fi\/en\/wp-json\/wp\/v2\/types\/post"}],"author":[{"embeddable":true,"href":"https:\/\/luontoemo.fi\/en\/wp-json\/wp\/v2\/users\/7"}],"replies":[{"embeddable":true,"href":"https:\/\/luontoemo.fi\/en\/wp-json\/wp\/v2\/comments?post=4821"}],"version-history":[{"count":16,"href":"https:\/\/luontoemo.fi\/en\/wp-json\/wp\/v2\/posts\/4821\/revisions"}],"predecessor-version":[{"id":4855,"href":"https:\/\/luontoemo.fi\/en\/wp-json\/wp\/v2\/posts\/4821\/revisions\/4855"}],"wp:featuredmedia":[{"embeddable":true,"href":"https:\/\/luontoemo.fi\/en\/wp-json\/wp\/v2\/media\/4854"}],"wp:attachment":[{"href":"https:\/\/luontoemo.fi\/en\/wp-json\/wp\/v2\/media?parent=4821"}],"wp:term":[{"taxonomy":"category","embeddable":true,"href":"https:\/\/luontoemo.fi\/en\/wp-json\/wp\/v2\/categories?post=4821"},{"taxonomy":"post_tag","embeddable":true,"href":"https:\/\/luontoemo.fi\/en\/wp-json\/wp\/v2\/tags?post=4821"},{"taxonomy":"dipi_cpt_category","embeddable":true,"href":"https:\/\/luontoemo.fi\/en\/wp-json\/wp\/v2\/dipi_cpt_category?post=4821"}],"curies":[{"name":"wp","href":"https:\/\/api.w.org\/{rel}","templated":true}]}}