{"id":4801,"date":"2022-11-06T18:43:38","date_gmt":"2022-11-06T16:43:38","guid":{"rendered":"https:\/\/luontoemo.fi\/?p=4801"},"modified":"2022-11-06T18:58:30","modified_gmt":"2022-11-06T16:58:30","slug":"valon-vuosi","status":"publish","type":"post","link":"https:\/\/luontoemo.fi\/en\/valon-vuosi\/","title":{"rendered":"&#8220;Valon vuosi&#8221;"},"content":{"rendered":"<p>Olen viime vuosina saanut uudenvuoden meditaatiossa vuoden teeman. T\u00e4n\u00e4 vuonna se oli valo. Mukana tullut mielikuva oli hyvin yll\u00e4olevan kuvan kaltainen.<\/p>\n<p>Lopulta vuosi kuluikin suruun sopeutuessa, paljon k\u00e4yt\u00e4nn\u00f6n asioita j\u00e4rkk\u00e4illess\u00e4, kokop\u00e4iv\u00e4-p\u00e4iv\u00e4ty\u00f6rytmiin sopeutuessa (ei tosin suurta muutosta aiempaan), kivijalkakaupan sulkemisessa, yhteisty\u00f6n aloituksessa ihanan Joogapunktion kanssa, miettimisess\u00e4 mit\u00e4 teen kaiken kanssa, kuten verkkokauppa, kurssit, ynn\u00e4 muu.<\/p>\n<p>Markkinointi ja postaaminen on j\u00e4\u00e4nyt kokonaan, jos se aiemminkin on ollut minimaalista. Vuosi on mennyt pitk\u00e4lti &#8220;hyvin menee jos ei ajattele&#8221; -meiningill\u00e4.<\/p>\n<p>Ja siis hyvin menee, kaikki on hyvin, mutta huomasin, ett\u00e4 omien ajatusten kanssa yksin oli vaikea olla ja esimerkiksi joogaaminen, meditaatio ja henkisemm\u00e4t hommat ovat j\u00e4\u00e4neet v\u00e4h\u00e4n taka-alalle. En ole kyennyt kirjoittamaan \u00e4itin muistokirjoitusta, hyv\u00e4 jos olen pystynyt h\u00e4nt\u00e4 viel\u00e4 ajattelemaan, vaikka h\u00e4n koko ajan onkin mieless\u00e4.<\/p>\n<p>Yleens\u00e4 innostun kaikesta ja aloitan uuden projektin parin kuukauden v\u00e4lein, juuri nyt haluan vapautta ja vain olla. Olen kiitollinen, ett\u00e4 olen jatkuvasti saanut toteuttaa unelmiani, l\u00e4hes joka vuosi jotain, joka on vienyt syvemm\u00e4lle luontoon: opiskelut ja ura luonnontuotealalla, tuotevalmistus ja -kehitys, koti luonnonhelmassa, yhteisty\u00f6 ja useat villit projektit&#8230; ihan liikaakin kaikkea.<\/p>\n<p>T\u00e4n\u00e4kin vuonna yksi unelma toteutuu, ja viet\u00e4mme koko talven toisessa, eli mieheni kotimaassa Brasiliassa. Minulle Salvador, Bahia, jossa merituuli puhaltaa ja energian tuntee jo ilmassa, on suomalaisen mets\u00e4n lis\u00e4ksi t\u00e4rke\u00e4 henkinen koti.<\/p>\n<p>\u00c4iti l\u00e4hti valoon. Ja valo on pilkahdellut aina jostain. &#8220;H\u00e4n j\u00e4tti paljon valoa maailmaan&#8221; &#8211; sain sattumalta juuri eilen t\u00e4m\u00e4n kauniin kommentin pyh\u00e4inp\u00e4iv\u00e4postaukseeni Facebookissa. \u00c4iti oli niin supert\u00e4rke\u00e4, ja aina el\u00e4m\u00e4ss\u00e4ni niin vahvasti l\u00e4sn\u00e4, jotta tunnen sen edelleenkin, ja sekin p\u00e4iv\u00e4 koittaa kun pystyn kirjoittamaan h\u00e4nest\u00e4 v\u00e4h\u00e4n enemm\u00e4n.<\/p>\n<p>l\u00e4mm\u00f6ll\u00e4, Pauliina<\/p>\n","protected":false},"excerpt":{"rendered":"<p>Olen viime vuosina saanut uudenvuoden meditaatiossa vuoden teeman. T\u00e4n\u00e4 vuonna se oli valo. Mukana tullut mielikuva oli hyvin yll\u00e4olevan kuvan kaltainen. Lopulta vuosi kuluikin suruun sopeutuessa, paljon k\u00e4yt\u00e4nn\u00f6n asioita j\u00e4rkk\u00e4illess\u00e4, kokop\u00e4iv\u00e4-p\u00e4iv\u00e4ty\u00f6rytmiin sopeutuessa (ei tosin suurta muutosta aiempaan), kivijalkakaupan sulkemisessa, yhteisty\u00f6n aloituksessa ihanan Joogapunktion kanssa, miettimisess\u00e4 mit\u00e4 teen kaiken kanssa, kuten verkkokauppa, kurssit, ynn\u00e4 muu. Markkinointi [&hellip;]<\/p>\n","protected":false},"author":7,"featured_media":4808,"comment_status":"open","ping_status":"closed","sticky":false,"template":"","format":"standard","meta":{"_et_pb_use_builder":"","_et_pb_old_content":"","_et_gb_content_width":"","footnotes":""},"categories":[513],"tags":[],"dipi_cpt_category":[],"class_list":["post-4801","post","type-post","status-publish","format-standard","has-post-thumbnail","hentry","category-elama"],"_links":{"self":[{"href":"https:\/\/luontoemo.fi\/en\/wp-json\/wp\/v2\/posts\/4801","targetHints":{"allow":["GET"]}}],"collection":[{"href":"https:\/\/luontoemo.fi\/en\/wp-json\/wp\/v2\/posts"}],"about":[{"href":"https:\/\/luontoemo.fi\/en\/wp-json\/wp\/v2\/types\/post"}],"author":[{"embeddable":true,"href":"https:\/\/luontoemo.fi\/en\/wp-json\/wp\/v2\/users\/7"}],"replies":[{"embeddable":true,"href":"https:\/\/luontoemo.fi\/en\/wp-json\/wp\/v2\/comments?post=4801"}],"version-history":[{"count":10,"href":"https:\/\/luontoemo.fi\/en\/wp-json\/wp\/v2\/posts\/4801\/revisions"}],"predecessor-version":[{"id":4818,"href":"https:\/\/luontoemo.fi\/en\/wp-json\/wp\/v2\/posts\/4801\/revisions\/4818"}],"wp:featuredmedia":[{"embeddable":true,"href":"https:\/\/luontoemo.fi\/en\/wp-json\/wp\/v2\/media\/4808"}],"wp:attachment":[{"href":"https:\/\/luontoemo.fi\/en\/wp-json\/wp\/v2\/media?parent=4801"}],"wp:term":[{"taxonomy":"category","embeddable":true,"href":"https:\/\/luontoemo.fi\/en\/wp-json\/wp\/v2\/categories?post=4801"},{"taxonomy":"post_tag","embeddable":true,"href":"https:\/\/luontoemo.fi\/en\/wp-json\/wp\/v2\/tags?post=4801"},{"taxonomy":"dipi_cpt_category","embeddable":true,"href":"https:\/\/luontoemo.fi\/en\/wp-json\/wp\/v2\/dipi_cpt_category?post=4801"}],"curies":[{"name":"wp","href":"https:\/\/api.w.org\/{rel}","templated":true}]}}